{"id":857,"date":"2020-01-09T08:55:07","date_gmt":"2020-01-09T08:55:07","guid":{"rendered":"http:\/\/digi.ba\/?p=857"},"modified":"2020-01-09T08:58:59","modified_gmt":"2020-01-09T08:58:59","slug":"u-povodu-9-januara-objavljena-knjiga-kultura-sjecanja","status":"publish","type":"post","link":"http:\/\/digi.ba\/?p=857","title":{"rendered":"U povodu 9. januara: Objavljena knjiga KULTURA SJE\u0106ANJA"},"content":{"rendered":"<p>Digi.ba, u povodu 9. januara \u2013 Dana po\u010detka genocida nad Bo\u0161njacima, objavljuje knjigu \u201eKultura sje\u0107anja\u201c, sa vi\u0161e od&nbsp; 500 tema i informacija o genocidu i agresiji<\/p>\n<h1>Ud\u017ebenik historijskog sje\u0107anja<\/h1>\n<p>Udru\u017eenje Digi.ba i Virtuelni muzej genocida nad Bo\u0161njacima od 2012. godine su inicirali da se 9. januar obilje\u017eava kao Dan po\u010detka genocida nad Bo\u0161njacima, te su prethodnih godina za 9. januar prire\u0111ivali prigodna predavanja i programe.<\/p>\n<p>Ove godine Digi.ba objavljuje knjigu \u201eKultura sje\u0107anja\u201c, autora mr. Fatmira Alispahi\u0107a, koja na 260 stranica donosi preko 500 tema i informacija o genocidu i agresiji, i tako biva svojevrstan ud\u017ebenik historijskog sje\u0107anja, knjiga sa najvi\u0161e podataka o agresiji i genocidu na jednom mjestu.<\/p>\n<p>Knjiga je nastala na osnovu autorske TV emisije Fatmira Alispahi\u0107a \u201eKultura sje\u0107anja\u201c, koju je producirao Digi.ba, za Televiziju Sarajevo i vi\u0161e lokalnih televizija, i koja je od oktobra 2016. do maja 2019. godine imala 30 izdanja, sa oko 280 tema i oko 300 vijesti. Projekat je okupio 40 institucija i partnera u projektu i preko 200 saradnika i sudionika, me\u0111u kojima 40 sa visokim akademskim titulama. Emisija je imala redovne rubrike: Kalendar, Ogledalo historije, Pravo i pravda, \u017drtve i svjedoci, Diskriminacija, LEGArT, Katalog spomenika, Network sje\u0107anja, Info centar. Bio je to prvi periodi\u010dni medij koji se programski bavio njegovanjem historijskog sje\u0107anja.<\/p>\n<p>Knjiga \u201eKutura sje\u0107anja\u201c je pregled i sa\u017eetak tema koje su obra\u0111ene kroz 30 izdanja TV emisije.<\/p>\n<p><img loading=\"lazy\" decoding=\"async\" class=\"alignnone size-full wp-image-859 aligncenter\" src=\"http:\/\/digi.ba\/wp-content\/uploads\/2020\/01\/Kultura-sje\u0107anja-unutarnja.jpg\" alt=\"Kultura sje\u0107anja unutarnja\" width=\"726\" height=\"665\" srcset=\"http:\/\/digi.ba\/wp-content\/uploads\/2020\/01\/Kultura-sje\u0107anja-unutarnja.jpg 726w, http:\/\/digi.ba\/wp-content\/uploads\/2020\/01\/Kultura-sje\u0107anja-unutarnja-300x275.jpg 300w, http:\/\/digi.ba\/wp-content\/uploads\/2020\/01\/Kultura-sje\u0107anja-unutarnja-230x211.jpg 230w, http:\/\/digi.ba\/wp-content\/uploads\/2020\/01\/Kultura-sje\u0107anja-unutarnja-350x321.jpg 350w, http:\/\/digi.ba\/wp-content\/uploads\/2020\/01\/Kultura-sje\u0107anja-unutarnja-480x440.jpg 480w\" sizes=\"auto, (max-width: 726px) 100vw, 726px\" \/><br \/>\nPregled tema<\/p>\n<p><strong>O svjedocima zla i otpora<\/strong><\/p>\n<p>Ahmi\u0107i * Biha\u0107 * Bratunac * Br\u010dko * Bijeljina * Banja Luka * Biljani * \u010cavkarica * \u010celi\u0107 * Doboj * Fo\u010da * Grapska * Gorica * Gora\u017ede * Isto\u010dna Hercegovina * Janja * Jajce * Kalesija * Kotor Varo\u0161 * Klju\u010d * Kula Grad * LOGORI * Mrkonji\u0107 Grad * Nevesinje * Olovo * Podrinje * Prozor * Prijedor * Rogatica * Srebrenica * Sanski Most * Stolac * Sarajevo * Sand\u017eak * Stupni Do * \u0160trpci * Mostar * Tuzla * Toma\u0161ica * Vi\u0161egrad * Vlasenica * Zavidovi\u0107i * Zvornik * Zenica * &nbsp;\u017divinice * \u017dep\u010de ***<\/p>\n<p><strong>O genocidnoj agresiji <\/strong><\/p>\n<p>O djeci i ratnim traumama * O traumama logora\u0161a, invalida i izbjeglica * O \u017eivotima \u0161ehidskih porodica *&nbsp; O zlo\u010dinu silovanja i zaboravljenoj djeci rata * O \u017ertvama mina i minskoj opasnosti * O traumi identifikacije * O ubistvima bo\u0161nja\u010dkih povratnika * O napadima na objekte Islamske zajednice * O velikosrpskoj diskriminaciji bo\u0161nja\u010dkih u\u010denika * O Srbima i Hrvatima u odbrani Bosne i Hercegovine * O dejtonskom nastavku genocida * O Presudama za genocid koje treba da ukinu entitet Republiku srpsku ***<\/p>\n<p><strong>O historijskim paralelama <\/strong><\/p>\n<p>O Boju pod Banja Lukom iz 1737. godine * O Bo\u0161nja\u010dkim rezolucijama iz 1941. godine * O ZAVNOBiH-u i brisanju Bo\u0161njaka * O ubistvima Mehmeda Spahe i Mustafe Busulad\u017ei\u0107a * O \u010detni\u010dkim zlo\u010dinima nad Srbima * O bo\u0161nja\u010dkom spa\u0161avanju Roma od genocida * O hitlerovskim danima Ive Andri\u0107a * O bo\u0161nja\u010dkoj antifa\u0161isti\u010dkoj pobuni u Francuskoj * O nazivima sarajevskih \u0161kola i ulica za vrijeme Jugoslavije * O zlo\u010dinima velikosrpskih komunista nad Bo\u0161njacima i o masakru nad 2500 Albanaca u Crnoj Gori * O Bo\u0161nja\u010dkom saboru ***<\/p>\n<p><strong>O spomenicima <\/strong><\/p>\n<p>Sarajevo * Vogo\u0161\u0107a * Jajce * Kakanj * Semizovac * Ilija\u0161 * Mostar * Stari Vitez * Grada\u010dac * Zavidovi\u0107i * Kalesija * Janja * Kotorsko * Zagreb * Vukovar * Windsor (Canada),&#8230; * O Muzeju ratnog djetinjstva * O Muhad\u017eirskom mezarju u \u0110akovu * O spomenicima Holokaustu (Berlin, Washington, Karlovy Vary) * O Bosfamovim \u201e\u0106ilimima sje\u0107anja\u201c * O kulturi sje\u0107anja u knji\u017eevnosti, muzici, slikarstvu i filmu * O spomenicima genocidu u entitetu Repubika srpska&#8230;<\/p>\n<p>***<\/p>\n<h2>Partneri u projektu<\/h2>\n<p>Digi.ba \u2013 Udru\u017eenje za digitalizaciju kulturne ba\u0161tine<\/p>\n<p>Virtuelni muzej genocida nad Bo\u0161njacima<\/p>\n<p>Televizija Sarajevo<\/p>\n<p>Institutut za istra\u017eivanje zlo\u010dina protiv \u010dovje\u010dnosti i me\u0111unarodnog prava Univerziteta u Sarajevu<\/p>\n<p>Institut za istra\u017eivanje genocida Kanada<\/p>\n<p>Zemaljski muzej Bosne i Hercegovine<\/p>\n<p>IFIMES &#8211; Me\u0111unarodni institut za bliskoisto\u010dne i balkanske studije<\/p>\n<p>Centar za mir i multietni\u010dku saradnju Mostar<\/p>\n<p>Mediacentar&nbsp;Sarajevo&nbsp;<\/p>\n<p>INFOBIRO&nbsp;digitalni arhiv \u0161tampanih medija<\/p>\n<p>Dissident mre\u017ea<\/p>\n<p>FIG &#8211; Fondacija za istra\u017eivanje genocida Austrija<\/p>\n<p>Op\u0107ina Centar Sarajevo<\/p>\n<p>Televizija Vogo\u0161\u0107a<\/p>\n<p>Televizija Mostar<\/p>\n<p>Televizija Kakanj<\/p>\n<p>Neon televizija<\/p>\n<p>Televizija Tuzlanskog kantona<\/p>\n<p>Televizija \u201eGlas Drine\u201c<\/p>\n<p>BZK \u201ePreporod\u201c Bratunac<\/p>\n<p>Source Produkcija<\/p>\n<p>Exit Media Sanski Most<\/p>\n<p>Kulturni centar \u201eKarneol\u201c<\/p>\n<p>Galerija \u201eMand\u017ei\u0107\u201c<\/p>\n<p>Bo\u0161nja\u010dki kulturni centar Sarajevo<\/p>\n<p>Portal 24.sata.info<\/p>\n<p>Teatar kabare<\/p>\n<p>Udru\u017eenje logora\u0161a Mostar<\/p>\n<p>Udru\u017eenje logora\u0161a \u017dep\u010de<\/p>\n<p>Gradski muzej Vukovar<\/p>\n<p>Legat \u201eEkme\u010di\u0107\u201c Br\u010dko<\/p>\n<p>BMG \u2013 Bosanska medijska grupa<\/p>\n<p>Organizacija porodica \u0161ehida Kotorsko<\/p>\n<p>Udru\u017eenje logora\u0161a Janja<\/p>\n<p>Udru\u017eenje civilnih \u017ertava rata Grada Zenice<\/p>\n<p>&nbsp;<\/p>\n<p>***<\/p>\n<p><img loading=\"lazy\" decoding=\"async\" class=\"alignnone size-full wp-image-860 aligncenter\" src=\"http:\/\/digi.ba\/wp-content\/uploads\/2020\/01\/PRODUCENT-I-AUTOR-Selma-Rizvi\u0107-i-Fatmir-Alispahi\u0107.jpg\" alt=\"PRODUCENT I AUTOR Selma Rizvi\u0107 i Fatmir Alispahi\u0107\" width=\"616\" height=\"410\" srcset=\"http:\/\/digi.ba\/wp-content\/uploads\/2020\/01\/PRODUCENT-I-AUTOR-Selma-Rizvi\u0107-i-Fatmir-Alispahi\u0107.jpg 616w, http:\/\/digi.ba\/wp-content\/uploads\/2020\/01\/PRODUCENT-I-AUTOR-Selma-Rizvi\u0107-i-Fatmir-Alispahi\u0107-300x200.jpg 300w, http:\/\/digi.ba\/wp-content\/uploads\/2020\/01\/PRODUCENT-I-AUTOR-Selma-Rizvi\u0107-i-Fatmir-Alispahi\u0107-230x153.jpg 230w, http:\/\/digi.ba\/wp-content\/uploads\/2020\/01\/PRODUCENT-I-AUTOR-Selma-Rizvi\u0107-i-Fatmir-Alispahi\u0107-350x233.jpg 350w, http:\/\/digi.ba\/wp-content\/uploads\/2020\/01\/PRODUCENT-I-AUTOR-Selma-Rizvi\u0107-i-Fatmir-Alispahi\u0107-480x319.jpg 480w, http:\/\/digi.ba\/wp-content\/uploads\/2020\/01\/PRODUCENT-I-AUTOR-Selma-Rizvi\u0107-i-Fatmir-Alispahi\u0107-272x182.jpg 272w\" sizes=\"auto, (max-width: 616px) 100vw, 616px\" \/><\/p>\n<h2>Saradnici i sudionici u projektu<\/h2>\n<p>&nbsp;<\/p>\n<p>prof. dr. Selma Rizvi\u0107<\/p>\n<p>prof. dr. Enver Imamovi\u0107<\/p>\n<p>prof. dr. Emir Rami\u0107<\/p>\n<p>prof. dr. Ibrahim Kajan<\/p>\n<p>akademik prof. dr Enver Mand\u017ei\u0107<\/p>\n<p>akademik prof. dr. Suad Kurt\u0107ehaji\u0107<\/p>\n<p>prof. dr. Izet \u0160aboti\u0107<\/p>\n<p>mr. sc. Mevludin Dizdarevi\u0107<\/p>\n<p>mr. sc. Ermin Kuka<\/p>\n<p>prof. dr. Edhem Mufti\u0107<\/p>\n<p>prof. dr. Smajil Durmi\u0161evi\u0107<\/p>\n<p>prof. dr. Almir Ba\u0161ovi\u0107<\/p>\n<p>mr.sc. Merima Handanovi\u0107<\/p>\n<p>prof. dr. Selmo Cikoti\u0107<\/p>\n<p>mr. sc. Husejin Omerovi\u0107<\/p>\n<p>mr. sc. Zulfo Ahmetovi\u0107<\/p>\n<p>mr. sc. Lebiba D\u017eeko<\/p>\n<p>mr. sc. Isa Balkan<\/p>\n<p>mr. sc. Hasib Mu\u0161inbegovi\u0107<\/p>\n<p>mr. sc. Fikret Be\u010dirovi\u0107<\/p>\n<p>mr. sc. Mesud \u0160adinlija<\/p>\n<p>mr.sc. Nermin Hod\u017ei\u0107<\/p>\n<p>mr.&nbsp;sc. Emir D\u017eambegovi\u0107<\/p>\n<p>mr. sc. Dragan Golubovi\u0107<\/p>\n<p>mr. sc. Enisa \u017duni\u0107<\/p>\n<p>mr. sc. Elvir Resi\u0107<\/p>\n<p>mr. Ibrahim Kabil<\/p>\n<p>mr. Merisa Karovi\u0107-Babi\u0107<\/p>\n<p>mr. Almir Grabovica<\/p>\n<p>mr.sc. Muamer D\u017eananovi\u0107<\/p>\n<p>mr. Zilha Mastali\u0107-Ko\u0161uta<\/p>\n<p>mr. sc. Jasmin Medi\u0107<\/p>\n<p>mr. sc. Miralem Avdi\u0107<\/p>\n<p>mr. Semir Had\u017eimusi\u0107<\/p>\n<p>mr. sc. Besima \u0106ati\u0107 \u2013 Suljevi\u0107<\/p>\n<p>dr.&nbsp;Branka Anti\u0107 \u0160tauber<\/p>\n<p>Isnam Talji\u0107<\/p>\n<p>Avdo Huseinovi\u0107<\/p>\n<p>Sejo Omeragi\u0107<\/p>\n<p>Seid Smajki\u0107<\/p>\n<p>Ahmed Imamovi\u0107<\/p>\n<p>Fahrudin Ku\u010duk<\/p>\n<p>Eset Mura\u010devi\u0107<\/p>\n<p>Tahir Pervan<\/p>\n<p>Amir Misirli\u0107<\/p>\n<p>\u0160erif \u0160pago<\/p>\n<p>Ramiz Tiro<\/p>\n<p>Nedim Hasi\u0107<\/p>\n<p>Kerim Svraki\u0107<\/p>\n<p>Nihad Ali\u010dkovi\u0107<\/p>\n<p>Aziz Tafro<\/p>\n<p>Hifzija \u010cav\u010di\u0107<\/p>\n<p>Mirzet Ibri\u0161imovi\u0107<\/p>\n<p>Almir Mehoni\u0107<\/p>\n<p>Zlatko Serdarevi\u0107<\/p>\n<p>Salih Brki\u0107<\/p>\n<p>Enes Hoti\u0107<\/p>\n<p>Said \u0160teta<\/p>\n<p>Bedrudin Gu\u0161i\u0107<\/p>\n<p>Ibrahim Halilovi\u0107<\/p>\n<p>Adila Krnd\u017eija<\/p>\n<p>Nihad Krnd\u017eija<\/p>\n<p>Arijana \u010cerkez<\/p>\n<p>Mesud Hero<\/p>\n<p>Zarifa Guhdija<\/p>\n<p>Muharem Krzi\u0107<\/p>\n<p>Suad Karamustafi\u0107<\/p>\n<p>Harun Pilav<\/p>\n<p>Armin \u010custo<\/p>\n<p>Mela Sejdija<\/p>\n<p>Elvira Zahiragi\u0107<\/p>\n<p>Jasmin Begi\u0107<\/p>\n<p>Bla\u017eo Stevovi\u0107<\/p>\n<p>Nermin Bise<\/p>\n<p>Selma Gu\u0161o<\/p>\n<p>Sanela Kapetanovi\u0107<\/p>\n<p>Ajas Alispahi\u0107<\/p>\n<p>Nermin Avdi\u010devi\u0107<\/p>\n<p>Said Smajlovi\u0107&nbsp;<\/p>\n<p>Samira Bilali\u0107<\/p>\n<p>Selma Ahmad<\/p>\n<p>Bilal Isakovi\u0107<\/p>\n<p>Admir Tukar<\/p>\n<p>Mirsad \u010celikovi\u0107<\/p>\n<p>D\u017eanan Sara\u010d<\/p>\n<p>Sead Zubanovi\u0107<\/p>\n<p>Merima Zoni\u0107 Malki\u0107<\/p>\n<p>Namik Vatrenjak<\/p>\n<p>Amel Ja\u0161arevi\u0107<\/p>\n<p>Bermin Me\u0161ki\u0107<\/p>\n<p>Mensur Be\u0161lagi\u0107<\/p>\n<p>Fikret Jahi\u0107<\/p>\n<p>Edina I\u0161eri\u0107<\/p>\n<p>Begzudin \u0160ehi\u0107<\/p>\n<p>D\u017eenana Pezer Buri\u0107<\/p>\n<p>Hariz Red\u017ei\u0107<\/p>\n<p>Besima \u0106ati\u0107<\/p>\n<p>Nedim Malko\u010devi\u0107<\/p>\n<p>Nijaz Omerovi\u0107<\/p>\n<p>Almir Be\u0161o<\/p>\n<p>Munir Mujezinovi\u0107<\/p>\n<p>Erda Red\u017eepagi\u0107<\/p>\n<p>Sead Deli\u0107<\/p>\n<p>Nermin Piknja\u010d<\/p>\n<p>Sandra \u0160abi\u0107<\/p>\n<p>Samed \u017du\u017ei\u0107<\/p>\n<p>Nikola Slavuljica<\/p>\n<p>Alen Avdi\u0107<\/p>\n<p>Alen Alilovi\u0107<\/p>\n<p>Ramiz Uzunovi\u0107<\/p>\n<p>Safet Gagula<\/p>\n<p>Semiha Ka\u010dar<\/p>\n<p>Azra Grbo<\/p>\n<p>Suad Zorani\u0107<\/p>\n<p>Tijana Kri\u017eanovi\u0107<\/p>\n<p>Zoran Kanli\u0107<\/p>\n<p>Esad Had\u017eihasanovi\u0107<\/p>\n<p>D\u017eenita Rahman Kure\u0161epi<\/p>\n<p>Jasmin Kadi\u0107<\/p>\n<p>Amir Helja<\/p>\n<p>Mirsad \u010cak\u0161iran<\/p>\n<p>Zoran \u0160akovi\u0107<\/p>\n<p>Nedim Rahimi\u0107<\/p>\n<p>Admir Maslo<\/p>\n<p>Azra Kozlo<\/p>\n<p>Almir \u0110oki\u0107<\/p>\n<p>Samra Red\u017ei\u0107<\/p>\n<p>Emina Hokuli\u0107<\/p>\n<p>Haris Ahbabovi\u0107<\/p>\n<p>Meho Bajri\u0107<\/p>\n<p>Sa\u0161a Burlica<\/p>\n<p>Sanel Kajan<\/p>\n<p>Rusmir Agi\u0107<\/p>\n<p>Asim Horozi\u0107<\/p>\n<p>Bojan Mijatovi\u0107<\/p>\n<p>Vlado Kero\u0161evi\u0107<\/p>\n<p>Ahmet Bajri\u0107 Blicko<\/p>\n<p>Ibrahim Selimovi\u0107<\/p>\n<p>Muhamed Fazlagi\u0107<\/p>\n<p>Albin Had\u017ei\u0107<\/p>\n<p>Muhamed Omerovi\u0107<\/p>\n<p>Fehim Krije\u0161torac<\/p>\n<p>Prof. Senad Hodovi\u0107<\/p>\n<p>Mehmed Pargan<\/p>\n<p>Anera Top\u010di\u0107 Kuranovi\u0107<\/p>\n<p>Elvis Muminovi\u0107<\/p>\n<p>Esnefa Muhi\u0107 Smajlovi\u0107<\/p>\n<p>Mevludin Ekme\u010di\u0107<\/p>\n<p>Safet Oru\u010devi\u0107<\/p>\n<p>Alija Behram<\/p>\n<p>Safet No\u017ei\u0107<\/p>\n<p>Ibro Bubalo<\/p>\n<p>Sulejman \u010cerki\u0107<\/p>\n<p>Almir Zalihi\u0107<\/p>\n<p>Emir Bali\u0107<\/p>\n<p>Ru\u017ea Mari\u0107<\/p>\n<p>Milan Paun<\/p>\n<p>Danijel Rehak<\/p>\n<p>Dalibor Luketi\u0107<\/p>\n<p>Adnan Frljak<\/p>\n<p>D\u017eehva Frljak<\/p>\n<p>Senad Salihovi\u0107<\/p>\n<p>Hajrudin Me\u0161i\u0107<\/p>\n<p>Tarik Hod\u017ei\u0107 &nbsp;<\/p>\n<p>Adnan \u0106uhara<\/p>\n<p>Mehmed \u0110ezi\u0107<\/p>\n<p>Muhamed Spahi\u0107<\/p>\n<p>Ifeta Me\u0161anovi\u0107<\/p>\n<p>Hazim Kari\u0107<\/p>\n<p>Nijaz Spahi\u0107<\/p>\n<p>Mirsad Selmanovi\u0107<\/p>\n<p>Fatima \u0160abanovi\u0107<\/p>\n<p>Mehmed \u0110ezi\u0107<\/p>\n<p>&nbsp;<\/p>\n<p>&nbsp;<\/p>\n","protected":false},"excerpt":{"rendered":"<p>Digi.ba, u povodu 9. januara \u2013 Dana po\u010detka genocida nad Bo\u0161njacima, objavljuje knjigu \u201eKultura sje\u0107anja\u201c, sa vi\u0161e od&nbsp; 500 tema i informacija [&hellip;]<\/p>\n","protected":false},"author":2,"featured_media":858,"comment_status":"closed","ping_status":"closed","sticky":false,"template":"","format":"standard","meta":{"ngg_post_thumbnail":0,"footnotes":""},"categories":[1],"tags":[],"class_list":["post-857","post","type-post","status-publish","format-standard","has-post-thumbnail","hentry","category-uncategorised"],"_links":{"self":[{"href":"http:\/\/digi.ba\/index.php?rest_route=\/wp\/v2\/posts\/857","targetHints":{"allow":["GET"]}}],"collection":[{"href":"http:\/\/digi.ba\/index.php?rest_route=\/wp\/v2\/posts"}],"about":[{"href":"http:\/\/digi.ba\/index.php?rest_route=\/wp\/v2\/types\/post"}],"author":[{"embeddable":true,"href":"http:\/\/digi.ba\/index.php?rest_route=\/wp\/v2\/users\/2"}],"replies":[{"embeddable":true,"href":"http:\/\/digi.ba\/index.php?rest_route=%2Fwp%2Fv2%2Fcomments&post=857"}],"version-history":[{"count":2,"href":"http:\/\/digi.ba\/index.php?rest_route=\/wp\/v2\/posts\/857\/revisions"}],"predecessor-version":[{"id":862,"href":"http:\/\/digi.ba\/index.php?rest_route=\/wp\/v2\/posts\/857\/revisions\/862"}],"wp:featuredmedia":[{"embeddable":true,"href":"http:\/\/digi.ba\/index.php?rest_route=\/wp\/v2\/media\/858"}],"wp:attachment":[{"href":"http:\/\/digi.ba\/index.php?rest_route=%2Fwp%2Fv2%2Fmedia&parent=857"}],"wp:term":[{"taxonomy":"category","embeddable":true,"href":"http:\/\/digi.ba\/index.php?rest_route=%2Fwp%2Fv2%2Fcategories&post=857"},{"taxonomy":"post_tag","embeddable":true,"href":"http:\/\/digi.ba\/index.php?rest_route=%2Fwp%2Fv2%2Ftags&post=857"}],"curies":[{"name":"wp","href":"https:\/\/api.w.org\/{rel}","templated":true}]}}