{"id":758,"date":"2019-02-27T12:17:56","date_gmt":"2019-02-27T12:17:56","guid":{"rendered":"http:\/\/digi.ba\/?p=758"},"modified":"2019-02-27T12:22:23","modified_gmt":"2019-02-27T12:22:23","slug":"dragan-golubovic-izabran-za-novog-predsjednika-udruzenja-digi-ba","status":"publish","type":"post","link":"http:\/\/digi.ba\/?p=758","title":{"rendered":"Dragan Golubovi\u0107 izabran za novog predsjednika Udru\u017eenja \u201eDIGI.BA\u201c"},"content":{"rendered":"<p>Redovna sjednica Skup\u0161tine <strong>Udru\u017eenja za digitalizaciju i informatizaciju kulturne ba\u0161tine \u201eDIGI.BA\u201c<\/strong> odr\u017eana je dana 15.11.2018. godine u Sarajevu, na kojoj je izabrano i novo rukovodstvo Udru\u017eenja.<\/p>\n<p>\u010clanovi Udru\u017eenja su jednoglasno za novog predsjednika Udru\u017eenja \u201eDIGI.BA\u201c izabrali <strong>Dragana Golubovi\u0107a<\/strong>, za novog predsjednika Skup\u0161tine je imenovan <strong>Fe\u0111a F. Kulenovi\u0107<\/strong>, dok je povjerenje za poziciju predsjednice Upravnog odbora ponovo ukazano <strong>prof. dr. Selmi Rizvi\u0107<\/strong>. Dosada\u0161nji predsjednik Udru\u017eenja Dino Selimovi\u0107, kao i dosada\u0161nja predsjednica Skup\u0161tine Vanja Jovi\u0161i\u0107, svoj \u0107e anga\u017eman u Udru\u017eenju \u201eDIGI.BA\u201c nastaviti kao aktivni \u010dlanovi Udru\u017eenja, odnosno kao \u010dlanovi Upravnog odbora.<\/p>\n<p>Dragan Golubovi\u0107 ro\u0111en je u Sarajevu, magistar je bibliote\u010dkih nauka i zaposlen u Mediacentru Sarajevo kao voditelj digitalnog online arhiva INFOBIRO. Radio je kao voditelj vi\u0161e projekata iz oblasti za\u0161tite kultutno-historijske ba\u0161tine i digitalizacije novinske gra\u0111e. Zahvaliv\u0161i se na ukazanom povjerenju, Golubovi\u0107 je istakao:<br \/>\n<strong>\u201eNadam se da \u0107e Udru\u017eenje Digi.ba nastaviti da radi na projektima za\u0161tite kulturne ba\u0161tine, odnosno njezine prezentacije koriste\u0107i moderne tehnolgije. Poku\u0161a\u0107u da tokom mandata kroz aktivnosti Udru\u017eenja kulturnu ba\u0161tinu Bosne i Hercegovine \u0161to vi\u0161e pribli\u017eimo mladoj populaciji\u201c<\/strong>. \u2013 kazao je Golubovi\u0107 koji ve\u0107 dugi niz godina uspje\u0161no sara\u0111uje sa stru\u010dnim \u010dasopisima iz oblasti arhivistike, bibliotekarstva.<\/p>\n<p>Na Skup\u0161tini su usvojeni i finansijski izvje\u0161taji o radu Udru\u017eenja u proteklom periodu. Iz Udru\u017eenja \u201eDIGI.BA\u201c su pozvali sve institucije da finansijski podr\u017ee projekte i rad Udru\u017eenja \u201eDIGI.BA\u201c, koje ima za cilj o\u010duvanje kulturne ba\u0161tine i historije Bosne i Hercegovine i svih njenih naroda za budu\u0107e generacije i nara\u0161taje.<\/p>\n<p>Vi\u0161e informacija o Udru\u017eenju \u201eDIGI.BA\u201c dostupno je na web stranici <a href=\"http:\/\/www.digi.ba\">www.digi.ba<\/a> kao i na Facebook stranici <a href=\"https:\/\/www.facebook.com\/digi.ba\/\" target=\"_blank\">https:\/\/www.facebook.com\/digi.ba\/<\/a><\/p>\n","protected":false},"excerpt":{"rendered":"<p>Redovna sjednica Skup\u0161tine Udru\u017eenja za digitalizaciju i informatizaciju kulturne ba\u0161tine \u201eDIGI.BA\u201c odr\u017eana je dana 15.11.2018. godine u Sarajevu, na kojoj je izabrano [&hellip;]<\/p>\n","protected":false},"author":2,"featured_media":759,"comment_status":"closed","ping_status":"closed","sticky":false,"template":"","format":"standard","meta":{"ngg_post_thumbnail":0,"footnotes":""},"categories":[1],"tags":[],"class_list":["post-758","post","type-post","status-publish","format-standard","has-post-thumbnail","hentry","category-uncategorised"],"_links":{"self":[{"href":"http:\/\/digi.ba\/index.php?rest_route=\/wp\/v2\/posts\/758","targetHints":{"allow":["GET"]}}],"collection":[{"href":"http:\/\/digi.ba\/index.php?rest_route=\/wp\/v2\/posts"}],"about":[{"href":"http:\/\/digi.ba\/index.php?rest_route=\/wp\/v2\/types\/post"}],"author":[{"embeddable":true,"href":"http:\/\/digi.ba\/index.php?rest_route=\/wp\/v2\/users\/2"}],"replies":[{"embeddable":true,"href":"http:\/\/digi.ba\/index.php?rest_route=%2Fwp%2Fv2%2Fcomments&post=758"}],"version-history":[{"count":1,"href":"http:\/\/digi.ba\/index.php?rest_route=\/wp\/v2\/posts\/758\/revisions"}],"predecessor-version":[{"id":760,"href":"http:\/\/digi.ba\/index.php?rest_route=\/wp\/v2\/posts\/758\/revisions\/760"}],"wp:featuredmedia":[{"embeddable":true,"href":"http:\/\/digi.ba\/index.php?rest_route=\/wp\/v2\/media\/759"}],"wp:attachment":[{"href":"http:\/\/digi.ba\/index.php?rest_route=%2Fwp%2Fv2%2Fmedia&parent=758"}],"wp:term":[{"taxonomy":"category","embeddable":true,"href":"http:\/\/digi.ba\/index.php?rest_route=%2Fwp%2Fv2%2Fcategories&post=758"},{"taxonomy":"post_tag","embeddable":true,"href":"http:\/\/digi.ba\/index.php?rest_route=%2Fwp%2Fv2%2Ftags&post=758"}],"curies":[{"name":"wp","href":"https:\/\/api.w.org\/{rel}","templated":true}]}}