{"id":653,"date":"2016-11-18T12:32:45","date_gmt":"2016-11-18T12:32:45","guid":{"rendered":"http:\/\/67.23.254.61\/~digiba\/?p=653"},"modified":"2016-11-18T12:33:31","modified_gmt":"2016-11-18T12:33:31","slug":"legart-registar-umjetnickih-dijela-na-temu-genocida","status":"publish","type":"post","link":"http:\/\/digi.ba\/?p=653","title":{"rendered":"LEGArT \u2013 registar umjetni\u010dkih dijela na temu genocida"},"content":{"rendered":"<p>U povodu 21. godi\u0161njice genocida u Srebrenici Virtuelni muzej genocida nad Bo\u0161njacima je 11.7. 2016. godine promovirao\u00a0jedinstven projekat<\/p>\n<p><strong>LEGArT \u2013 registar umjetni\u010dkih dijela na temu genocida<\/strong><\/p>\n<p><strong>\u00a0<\/strong><\/p>\n<p>&nbsp;<\/p>\n<p><strong>Virtuelni muzej genocida nad Bo\u0161njacima<\/strong> u povodu obilje\u017eavanja 21. godi\u0161njice genocida u Srebrenici utemeljuje projekat jedinstvenog registra umjetni\u010dkih svjedo\u010danstava o genocidu nad Bo\u0161njacima, pod nazivom <a href=\"https:\/\/www.youtube.com\/watch?v=W3qcEo8BlTQ\"><strong>LEGArT<\/strong><\/a>, kao cjelovit virtuelni legat koji \u0107e ba\u0161tiniti sve \u0161to je u umjetnosti i njenim disciplinama stvoreno i realizirano na temu genocida nad Bo\u0161njacima.<\/p>\n<p>LEGArT \u0107e po prvi put formirati jedinstven cyber prostor za kontinuirano objedinjavanje i klasificiranje svih umjetni\u010dkih djela o genocidu nad Bo\u0161njacima, \u010demu pripadaju knji\u017eevni tekstovi, likovna i muzi\u010dka djela, filmovi i pozori\u0161ne predstave, izlo\u017ebe, performansi i manifestacije, zapravo, sve \u0161to je u duhovnom smislu imalo za cilj da zaba\u0161tini svjedo\u010denje o genocidu nad Bo\u0161njacima. Po prvi put \u0107e se formirati katalog spomenika koji obilje\u017eavaju mjesta bo\u0161nja\u010dkog stradanja. LEGArT pokre\u0107e i biblioteku knjiga u PDF formatu na temu genocida, kao i galeriju fotografija.<\/p>\n<p>Kao posebna tematska cjelina ustanovljavaju se baner i linkovi prema umjetnosti holokausta nad Jevrejima, prema Muzeju Jad Va\u0161em, a u perspektivi i prema drugim svjetskim adresama koje kroz umjetni\u010dke forme tretiraju univerzalna pitanja stradanja ljudi u ratnim i totalitarnim vremenima.<\/p>\n<p>Ustanovljavanjem LEGArT-a genocida nad Bo\u0161njacima, kultura Bosne i Hercegovine, ali i antifa\u0161isti\u010dka kultura op\u0107enito, postaju bogatiji za jedan autohton umjetni\u010dki korpus, koji \u0107e se narednih godina \u0161iriti i obimom i kvalitetom, te postati predmet nau\u010dnih istra\u017eivanja i kulturne razmjene. Onako kako se danas izu\u010dava umjetnost holokausta, kao zaseban korpus u historiji umjetnosti i u antifa\u0161isti\u010dkoj kulturi, tako \u0107e i LEGArT genocida nad Bo\u0161njacima postati adresa bez koje \u0107e biti nemogu\u0107e razumijevanje povijesti i savremenosti Bosne i Hercegovine, kako u kulturnom, tako i u \u0161irem dru\u0161tvenom i politi\u010dkom horizontu.<\/p>\n<p>Virtuelni muzej genocida nad Bo\u0161njacima kroz svoje projekte nastoji u savremenim komunikacijskim formama i izrazima predstaviti kontinuitet bo\u0161nja\u010dkog stradanja, a umjetni\u010dka svjedo\u010danstva su najdirektniji vid razumijevanja i preno\u0161enja iskustva \u017ertve genocida kroz povijesne i sve druge granice.<\/p>\n<p>LEGArT genocida nad Bo\u0161njacima je otvoren virtuelni prostor za postoje\u0107e i sve budu\u0107e umjetni\u010dke sadr\u017eaje, tako da se pozivaju svi stvaraoci da putem LEGArT-a, pri Virtuelnom muzeju genocida nad Bo\u0161njacima,\u00a0 objavljuju svoje radove ili dostavljaju linkove koji \u0107e biti klasificirani i zaba\u0161tinjeni u ovom jedinstvenom projektu koji \u0107e obuhvatiti sve \u0161to je u duhovnom i umjetni\u010dkom smislu re\u010deno o genocidu nad Bo\u0161njacima.<\/p>\n<p>U okviru obilje\u017eavanja 21. godi\u0161njice genocida u Srebrenici bi\u0107e predstavljena promotivna verzija LEGArT-a, na adresi\u00a0<a href=\"http:\/\/www.vmgb.ba\/\">www.vmgb.ba<\/a>, kao i trailer o ovom jedinstvenom legatu kulture sje\u0107anja.<\/p>\n<p><img loading=\"lazy\" decoding=\"async\" class=\"wp-image-654 aligncenter\" src=\"http:\/\/67.23.254.61\/~digiba\/wp-content\/uploads\/2016\/11\/legart.jpg\" alt=\"legart\" width=\"859\" height=\"176\" srcset=\"http:\/\/digi.ba\/wp-content\/uploads\/2016\/11\/legart.jpg 605w, http:\/\/digi.ba\/wp-content\/uploads\/2016\/11\/legart-300x61.jpg 300w, http:\/\/digi.ba\/wp-content\/uploads\/2016\/11\/legart-230x47.jpg 230w, http:\/\/digi.ba\/wp-content\/uploads\/2016\/11\/legart-350x72.jpg 350w, http:\/\/digi.ba\/wp-content\/uploads\/2016\/11\/legart-480x98.jpg 480w\" sizes=\"auto, (max-width: 859px) 100vw, 859px\" \/><\/p>\n<p>&nbsp;<\/p>\n<p>Projekat je realiziran pod pokroviteljstvom predsjednika Predsjedni\u0161tva Bosne i Hercegovine <strong>Bakira Izetbegovi\u0107a<\/strong> i potpredsjednice Federacije Bosne i Hercegovine <strong>Melike Mahmutbegovi\u0107<\/strong>.<\/p>\n","protected":false},"excerpt":{"rendered":"<p>U povodu 21. godi\u0161njice genocida u Srebrenici Virtuelni muzej genocida nad Bo\u0161njacima je 11.7. 2016. godine promovirao\u00a0jedinstven projekat LEGArT \u2013 registar umjetni\u010dkih [&hellip;]<\/p>\n","protected":false},"author":2,"featured_media":0,"comment_status":"open","ping_status":"open","sticky":false,"template":"","format":"standard","meta":{"ngg_post_thumbnail":0,"footnotes":""},"categories":[1],"tags":[],"class_list":["post-653","post","type-post","status-publish","format-standard","hentry","category-uncategorised"],"_links":{"self":[{"href":"http:\/\/digi.ba\/index.php?rest_route=\/wp\/v2\/posts\/653","targetHints":{"allow":["GET"]}}],"collection":[{"href":"http:\/\/digi.ba\/index.php?rest_route=\/wp\/v2\/posts"}],"about":[{"href":"http:\/\/digi.ba\/index.php?rest_route=\/wp\/v2\/types\/post"}],"author":[{"embeddable":true,"href":"http:\/\/digi.ba\/index.php?rest_route=\/wp\/v2\/users\/2"}],"replies":[{"embeddable":true,"href":"http:\/\/digi.ba\/index.php?rest_route=%2Fwp%2Fv2%2Fcomments&post=653"}],"version-history":[{"count":2,"href":"http:\/\/digi.ba\/index.php?rest_route=\/wp\/v2\/posts\/653\/revisions"}],"predecessor-version":[{"id":656,"href":"http:\/\/digi.ba\/index.php?rest_route=\/wp\/v2\/posts\/653\/revisions\/656"}],"wp:attachment":[{"href":"http:\/\/digi.ba\/index.php?rest_route=%2Fwp%2Fv2%2Fmedia&parent=653"}],"wp:term":[{"taxonomy":"category","embeddable":true,"href":"http:\/\/digi.ba\/index.php?rest_route=%2Fwp%2Fv2%2Fcategories&post=653"},{"taxonomy":"post_tag","embeddable":true,"href":"http:\/\/digi.ba\/index.php?rest_route=%2Fwp%2Fv2%2Ftags&post=653"}],"curies":[{"name":"wp","href":"https:\/\/api.w.org\/{rel}","templated":true}]}}