{"id":582,"date":"2016-10-17T21:36:17","date_gmt":"2016-10-17T20:36:17","guid":{"rendered":"http:\/\/67.23.254.61\/~digiba\/?p=582"},"modified":"2016-11-18T12:40:06","modified_gmt":"2016-11-18T12:40:06","slug":"prva-bosanska-promocija-virtuelnog-muzeja-genocida-nad-bosnjacima","status":"publish","type":"post","link":"http:\/\/digi.ba\/?p=582","title":{"rendered":"Prva bosanska promocija Virtuelnog muzeja genocida nad Bo\u0161njacima"},"content":{"rendered":"<p class=\"preamble\">Virtualni muzej genocida nad Bo\u0161njacima ima za cilj da kroz online multimedijalnu prezentaciju predstavi korisnicima interneta dokumente o kontinuitetu genocida nad Bo\u0161njacima.<\/p>\n<div>\n<p>Sastoji se od interaktivnih digitalnih pri\u010da o pojedinim etapama genocida, kao i pojedina\u010dnim doga\u0111ajima u kombinaciji sa digitaliziranim svjedo\u010denjima, dokumentima i zapisima o tim doga\u0111ajima. Online prezentacija se mo\u017ee prilagoditi i on-site prezentaciji u fizi\u010dkom prostoru u kojoj bi se digitalni sadr\u017eaj prikazao na interaktivnom displeju.<\/p>\n<p>Promocija projekta je odr\u017eana 9. januara 2015. god u sali Op\u0107ine Novi grad Sarajevo.<\/p>\n<p><iframe loading=\"lazy\" width=\"1170\" height=\"878\" src=\"https:\/\/www.youtube.com\/embed\/6G0G6QS-_Uc?feature=oembed\" frameborder=\"0\" allowfullscreen><\/iframe><\/p>\n<p>Vanredni profesor Selma Rizvi\u0107 ka\u017ee da je rije\u010d o online projektu, a prvenstveno je namijenjen mladima, odnosno ljudima koji nisu imali odakle da nau\u010de o kontinuitetu genocidu.<\/p>\n<p>&#8220;Genocid nije samo ovaj posljednji rat, on je po\u010deo u 17. stolje\u0107u i mi smo za prvu fazu napravili 11 pri\u010da o pojedinim fazama genocida kroz historiju. Podatke nam je dao Institut za istra\u017eivanje zlo\u010dina protiv \u010dovje\u010dnosti i genocida Univerziteta u Sarajevu. Zna\u010di, svi su podaci vjerodostojni. Ovaj projekat je realizovan zahvaljuju\u0107i maloj grupi donatora koja \u010dini pionire projekta zajedno sa jednim kreativnim timom na \u010delu sa Fatmirom Alispahi\u0107em koji je re\u017eirao i napisao scenarij za pri\u010de&#8221;, pojasnila je Rizvi\u0107.<\/p>\n<p>Prema njenim rije\u010dima, sada omladina mo\u017ee da vidi sve \u0161to se de\u0161avalo kroz historiju na jedan na\u010din koji je prilago\u0111en njima. Dakle, uz pomo\u0107 kratkih pri\u010da jer znamo da ljudi sve manje \u010ditaju i gledaju duge forme, dakle, na na\u010din koji je prilago\u0111en ovom vremenu.<\/p>\n<p>Na ovaj \u0107e na\u010din, isti\u010de Rizvi\u0107, saznati o svih 11 faza genocida.<\/p>\n<p>&#8220;Naravno mi to planiramo nadogra\u0111ivati ako bude sredstava i dobre volje tako da na kraju umre\u017eimo sve podatke o genocidu i idemo do nivoa dokumenta i napravimo u formi virtuelnog muzeja&#8221;, kazala je Rizvi\u0107.<br \/>\nGovore\u0107i o tome o kojih 11 pri\u010da je u pitanju ka\u017ee da se radi o po\u010detku protjerivanja Bo\u0161njaka kada je turska imperija izgubila svoju snagu i po\u010dela se povla\u010diti sa ovih prostora, a onda su dr\u017eave koje su preuzimale te prostore protjerivale sve stanovnike muslimanske vjeroispovijesti.<\/p>\n<p>&#8220;I onda u fazama svakih 50-100 godina se de\u0161avao genocid, za vrijeme Kraljevine Jugoslavije, pa u Drugom svjetskom ratu i do ovog zadnjeg genocida. Ono \u0161to je zanimljivo, \u0161to se mo\u017ee primijetiti u ovih 11 pri\u010da jeste da je to potpuno isti uzorak. Zna\u010di isti patent genicida, protjerivanje, uni\u0161tavanje kulturnih i vjerskih objekata i stra\u0161ni zlo\u010dini nad civilnim stanovni\u0161tvom&#8221;, poru\u010dila je Rizvi\u0107.<\/p>\n<p>Online je i engleska verzija projekta.<\/p>\n<p>U nau\u010dnim, istra\u017eiva\u010dkim i predstavlja\u010dkim formama genocid nad Bo\u0161njacima dosad je parcijalno tretiran, ali sav taj materijal nikada nije umre\u017een pod jedan krov. Jevreji su tako sve materijale o holokaustu stru\u010dno obradili i klasificirali pod krovom Muzeja &#8220;Jad Va\u0161em&#8221;, odakle su i podsticali multidisciplinarna istra\u017eivanja i predstavljanja holokausta.<\/p>\n<p>Budu\u0107i da bi za izgradnju Muzeja genocida nad Bo\u0161njacima bila potrebna i politi\u010dka volja, a i pozama\u0161na finansijska sredstva, kao rje\u0161enje se nudi medij virtuelnog muzeja, kao najsavremenija predstavlja\u010dka forma.<\/p>\n<p>Vi\u0161e na: <a title=\"\" href=\"http:\/\/www.vmgb.ba\/\" target=\"_blank\"><strong>www.vmgb.ba <\/strong><\/a><\/p>\n<\/div>\n","protected":false},"excerpt":{"rendered":"<p>Virtualni muzej genocida nad Bo\u0161njacima ima za cilj da kroz online multimedijalnu prezentaciju predstavi korisnicima interneta dokumente o kontinuitetu genocida nad Bo\u0161njacima. [&hellip;]<\/p>\n","protected":false},"author":1,"featured_media":0,"comment_status":"open","ping_status":"open","sticky":false,"template":"","format":"standard","meta":{"ngg_post_thumbnail":0,"footnotes":""},"categories":[1],"tags":[],"class_list":["post-582","post","type-post","status-publish","format-standard","hentry","category-uncategorised"],"_links":{"self":[{"href":"http:\/\/digi.ba\/index.php?rest_route=\/wp\/v2\/posts\/582","targetHints":{"allow":["GET"]}}],"collection":[{"href":"http:\/\/digi.ba\/index.php?rest_route=\/wp\/v2\/posts"}],"about":[{"href":"http:\/\/digi.ba\/index.php?rest_route=\/wp\/v2\/types\/post"}],"author":[{"embeddable":true,"href":"http:\/\/digi.ba\/index.php?rest_route=\/wp\/v2\/users\/1"}],"replies":[{"embeddable":true,"href":"http:\/\/digi.ba\/index.php?rest_route=%2Fwp%2Fv2%2Fcomments&post=582"}],"version-history":[{"count":4,"href":"http:\/\/digi.ba\/index.php?rest_route=\/wp\/v2\/posts\/582\/revisions"}],"predecessor-version":[{"id":660,"href":"http:\/\/digi.ba\/index.php?rest_route=\/wp\/v2\/posts\/582\/revisions\/660"}],"wp:attachment":[{"href":"http:\/\/digi.ba\/index.php?rest_route=%2Fwp%2Fv2%2Fmedia&parent=582"}],"wp:term":[{"taxonomy":"category","embeddable":true,"href":"http:\/\/digi.ba\/index.php?rest_route=%2Fwp%2Fv2%2Fcategories&post=582"},{"taxonomy":"post_tag","embeddable":true,"href":"http:\/\/digi.ba\/index.php?rest_route=%2Fwp%2Fv2%2Ftags&post=582"}],"curies":[{"name":"wp","href":"https:\/\/api.w.org\/{rel}","templated":true}]}}