{"id":1439,"date":"2026-03-16T12:29:02","date_gmt":"2026-03-16T12:29:02","guid":{"rendered":"https:\/\/digi.ba\/?p=1439"},"modified":"2026-03-16T12:29:02","modified_gmt":"2026-03-16T12:29:02","slug":"poziv-mladima-za-prijavu-na-placenu-strucnu-praksu-u-okviru-projekta-beyond","status":"publish","type":"post","link":"http:\/\/digi.ba\/?p=1439","title":{"rendered":"Poziv mladima za prijavu na pla\u0107enu stru\u010dnu praksu u okviru projekta BEYOND"},"content":{"rendered":"<p>U okviru programa Erasmus+ i projekta <strong>BEYOND<\/strong> (Balkans Engagement for Youth, Opportunities, Networking and Development) pozivamo mlade osobe uzrasta <strong>18\u201330 godina <\/strong>da se prijave za u\u010de\u0161\u0107e u strukturiranom evropskom programu usmjerenom na profesionalni razvoj i ja\u010danje kapaciteta.<\/p>\n<p>Program koordinira Francuski institut u Bosni i Hercegovini, u partnerstvu s organizacijama Obrazovanje gradi Bosnu i Hercegovinu \u2013 Jovan Divjak i DIGI.BA. Cilj projekta je osposobiti mlade za tr\u017ei\u0161te rada, te pobolj\u0161ati njihovu samostalnost i vje\u0161tine u zemljama Zapadnog Balkana u oblasti promocije kulture, digitalizacije kulturne ba\u0161tine i projekata koji povezuju kulturu i turizam, kroz stru\u010dno vo\u0111eno i finansijski podr\u017eano profesionalno iskustvo.<\/p>\n<p>\ud83c\udfaf Program uklju\u010duje:<\/p>\n<ul>\n<li>anga\u017eman u mati\u010dnoj zemlji u trajanju od 24 sata sedmi\u010dno tokom 6 mjeseci<\/li>\n<li>mjese\u010dnu finansijsku podr\u0161ku u iznosu od 300 \u20ac tokom trajanja programa<\/li>\n<li>individualno profesionalno mentorstvo i obuku iz projektnog rada (4 sata sedmi\u010dno)<\/li>\n<li>nastavu francuskog jezika (3 sata sedmi\u010dno)<\/li>\n<li>razvoj digitalnih, interkulturalnih i profesionalnih kompetencija<\/li>\n<\/ul>\n<p>\ud83d\udd0e Po zavr\u0161etku programa u\u010desnice\/u\u010desnici imaju mogu\u0107nost jednog od sljede\u0107ih pravaca:<\/p>\n<ul>\n<li>opcionalne mobilnosti u Evropi<\/li>\n<li>nastavka obrazovanja ili dodatne obuke<\/li>\n<li>podr\u0161ku pri ulasku na tr\u017ei\u0161te rada<\/li>\n<\/ul>\n<p>\ud83d\udc65 Profil kandidatkinja\/kandidata:<\/p>\n<ul>\n<li>mladi uzrasta 18\u201330 godina<\/li>\n<li>studentice\/studenti upisane\/i na fakultete u Bosni i Hercegovini, mladi koji zavr\u0161avaju studij u teku\u0107oj akademskoj godini, kao i nezaposleni mladi, u skladu sa uslovima i mogu\u0107nostima implementacije programa<\/li>\n<li>osobe motivisane za razvoj profesionalnih vje\u0161tina<\/li>\n<li>mladi zainteresovani za kulturne projekte, digitalne alate i rad sa zajednicom<\/li>\n<li>mladi sa manje prilika posebno se ohrabruju da se prijave<\/li>\n<\/ul>\n<p>Prethodno iskustvo u navedenim oblastima nije potrebno.<\/p>\n<p>\ud83c\udf0d Zemlje u\u010desnice:<br \/>\nAlbanija, Bosna i Hercegovina, Crna Gora, Srbija, Francuska<\/p>\n<p>\ud83d\udcb6 Finansijska podr\u0161ka:<br \/>\nProgram predvi\u0111a mjese\u010dnu finansijsku podr\u0161ku od 300 \u20ac, u skladu s pravilima projekta.<\/p>\n<p>\ud83d\udce9 Kako se prijaviti:<br \/>\nPrijave se podnose putem online formulara&nbsp;: <a href=\"https:\/\/forms.gle\/6STyouyXAT3KTk4E9\">https:\/\/forms.gle\/6STyouyXAT3KTk4E9<\/a><\/p>\n<p>Prijave su dobrodo\u0161le iz svih dijelova Bosne i Hercegovine.<br \/>\nOdabrane u\u010desnice\/i trebaju biti spremni na redovno u\u010de\u0161\u0107e u aktivnostima koje se organizuju u Sarajevu, Mostaru, Banjoj Luci i Prijedoru.<\/p>\n<p>Odabir kandidatkinja i kandidata vr\u0161it \u0107e se nakon pregleda svih zaprimljenih prijava.<br \/>\nBroj mjesta je ograni\u010den.<\/p>\n<p>Rok za prijavu: 27. mart 2026.<\/p>\n<p>#BEYONDproject #ErasmusPlus #CoFundedByEU #EuropeanUnion #YouSCE #WesternBalkans #EuropeanCooperation<\/p>\n","protected":false},"excerpt":{"rendered":"<p>U okviru programa Erasmus+ i projekta BEYOND (Balkans Engagement for Youth, Opportunities, Networking and Development) pozivamo mlade osobe uzrasta 18\u201330 godina da [&hellip;]<\/p>\n","protected":false},"author":2,"featured_media":1442,"comment_status":"closed","ping_status":"closed","sticky":false,"template":"","format":"standard","meta":{"ngg_post_thumbnail":0,"footnotes":""},"categories":[1],"tags":[],"class_list":["post-1439","post","type-post","status-publish","format-standard","has-post-thumbnail","hentry","category-uncategorised"],"_links":{"self":[{"href":"http:\/\/digi.ba\/index.php?rest_route=\/wp\/v2\/posts\/1439","targetHints":{"allow":["GET"]}}],"collection":[{"href":"http:\/\/digi.ba\/index.php?rest_route=\/wp\/v2\/posts"}],"about":[{"href":"http:\/\/digi.ba\/index.php?rest_route=\/wp\/v2\/types\/post"}],"author":[{"embeddable":true,"href":"http:\/\/digi.ba\/index.php?rest_route=\/wp\/v2\/users\/2"}],"replies":[{"embeddable":true,"href":"http:\/\/digi.ba\/index.php?rest_route=%2Fwp%2Fv2%2Fcomments&post=1439"}],"version-history":[{"count":1,"href":"http:\/\/digi.ba\/index.php?rest_route=\/wp\/v2\/posts\/1439\/revisions"}],"predecessor-version":[{"id":1440,"href":"http:\/\/digi.ba\/index.php?rest_route=\/wp\/v2\/posts\/1439\/revisions\/1440"}],"wp:featuredmedia":[{"embeddable":true,"href":"http:\/\/digi.ba\/index.php?rest_route=\/wp\/v2\/media\/1442"}],"wp:attachment":[{"href":"http:\/\/digi.ba\/index.php?rest_route=%2Fwp%2Fv2%2Fmedia&parent=1439"}],"wp:term":[{"taxonomy":"category","embeddable":true,"href":"http:\/\/digi.ba\/index.php?rest_route=%2Fwp%2Fv2%2Fcategories&post=1439"},{"taxonomy":"post_tag","embeddable":true,"href":"http:\/\/digi.ba\/index.php?rest_route=%2Fwp%2Fv2%2Ftags&post=1439"}],"curies":[{"name":"wp","href":"https:\/\/api.w.org\/{rel}","templated":true}]}}