{"id":137,"date":"2015-03-10T09:53:01","date_gmt":"2015-03-10T09:53:01","guid":{"rendered":"http:\/\/demo.athemes.com\/sydney\/?p=137"},"modified":"2016-11-27T19:10:18","modified_gmt":"2016-11-27T19:10:18","slug":"just-a-simple-post","status":"publish","type":"post","link":"http:\/\/digi.ba\/?p=137","title":{"rendered":"Odr\u017eana prezentacija Udru\u017eenja DIGI.BA u Tuzli"},"content":{"rendered":"<p class=\"preamble\">U \u010detvrtak 16. aprila 2015. godine, odr\u017eana je prezentacija Udru\u017eenja DIGI.BA na &#8220;Sajmu malog biznisa&#8221; u SKC Mejdan, Tuzla.<\/p>\n<div>\n<p><img loading=\"lazy\" decoding=\"async\" class=\"size-medium wp-image-588 alignleft\" src=\"http:\/\/67.23.254.61\/~digiba\/wp-content\/uploads\/2015\/03\/SRizvic-Digi.ba-Tuzla-300x225.jpg\" alt=\"srizvic-digi-ba-tuzla\" width=\"300\" height=\"225\" srcset=\"http:\/\/digi.ba\/wp-content\/uploads\/2015\/03\/SRizvic-Digi.ba-Tuzla-300x225.jpg 300w, http:\/\/digi.ba\/wp-content\/uploads\/2015\/03\/SRizvic-Digi.ba-Tuzla-230x173.jpg 230w, http:\/\/digi.ba\/wp-content\/uploads\/2015\/03\/SRizvic-Digi.ba-Tuzla-350x263.jpg 350w, http:\/\/digi.ba\/wp-content\/uploads\/2015\/03\/SRizvic-Digi.ba-Tuzla-480x360.jpg 480w, http:\/\/digi.ba\/wp-content\/uploads\/2015\/03\/SRizvic-Digi.ba-Tuzla.jpg 500w\" sizes=\"auto, (max-width: 300px) 100vw, 300px\" \/><\/p>\n<p>Prof. dr Selma Rizvi\u0107, predsjednica Upravnog odbora Udru\u017eenja za digitalizaciju i informatizaciju kulturne ba\u0161tine DIGI.BA, odr\u017eala je predavanje pod naslovom <strong>&#8220;Digitalne tehnologije u funkciji razvoja kulturnog turizma&#8221;<\/strong> i nastupila u \u017eivom programu RTV7 iz Tuzle.<\/p>\n<p>Uspostavljen je i kontakt sa predstavnicima Op\u0107ine Tuzla koji su iskazali zainteresovanost za saradnju na budu\u0107im projektima digitalizacije kulturne<br \/>\nba\u0161tine ovog grada.<\/p>\n<p>&nbsp;<\/p>\n<hr noshade=\"noshade\" \/>\n<p><strong>Prilog RTV7 Tuzla:<\/strong><br \/>\n<a title=\"\" href=\"https:\/\/www.youtube.com\/watch?v=YdK0AO2jg1Q\" target=\"_blank\">https:\/\/www.youtube.com\/watch?v=YdK0AO2jg1Q<\/a><\/p>\n<p>&nbsp;<\/p>\n<\/div>\n","protected":false},"excerpt":{"rendered":"<p>U \u010detvrtak 16. aprila 2015. godine, odr\u017eana je prezentacija Udru\u017eenja DIGI.BA na &#8220;Sajmu malog biznisa&#8221; u SKC Mejdan, Tuzla. Prof. dr Selma [&hellip;]<\/p>\n","protected":false},"author":1,"featured_media":588,"comment_status":"open","ping_status":"open","sticky":false,"template":"","format":"standard","meta":{"ngg_post_thumbnail":0,"footnotes":""},"categories":[6],"tags":[],"class_list":["post-137","post","type-post","status-publish","format-standard","has-post-thumbnail","hentry","category-technology"],"_links":{"self":[{"href":"http:\/\/digi.ba\/index.php?rest_route=\/wp\/v2\/posts\/137","targetHints":{"allow":["GET"]}}],"collection":[{"href":"http:\/\/digi.ba\/index.php?rest_route=\/wp\/v2\/posts"}],"about":[{"href":"http:\/\/digi.ba\/index.php?rest_route=\/wp\/v2\/types\/post"}],"author":[{"embeddable":true,"href":"http:\/\/digi.ba\/index.php?rest_route=\/wp\/v2\/users\/1"}],"replies":[{"embeddable":true,"href":"http:\/\/digi.ba\/index.php?rest_route=%2Fwp%2Fv2%2Fcomments&post=137"}],"version-history":[{"count":2,"href":"http:\/\/digi.ba\/index.php?rest_route=\/wp\/v2\/posts\/137\/revisions"}],"predecessor-version":[{"id":589,"href":"http:\/\/digi.ba\/index.php?rest_route=\/wp\/v2\/posts\/137\/revisions\/589"}],"wp:featuredmedia":[{"embeddable":true,"href":"http:\/\/digi.ba\/index.php?rest_route=\/wp\/v2\/media\/588"}],"wp:attachment":[{"href":"http:\/\/digi.ba\/index.php?rest_route=%2Fwp%2Fv2%2Fmedia&parent=137"}],"wp:term":[{"taxonomy":"category","embeddable":true,"href":"http:\/\/digi.ba\/index.php?rest_route=%2Fwp%2Fv2%2Fcategories&post=137"},{"taxonomy":"post_tag","embeddable":true,"href":"http:\/\/digi.ba\/index.php?rest_route=%2Fwp%2Fv2%2Ftags&post=137"}],"curies":[{"name":"wp","href":"https:\/\/api.w.org\/{rel}","templated":true}]}}