{"id":1346,"date":"2025-06-27T15:58:26","date_gmt":"2025-06-27T14:58:26","guid":{"rendered":"https:\/\/digi.ba\/?p=1346"},"modified":"2025-06-27T15:58:26","modified_gmt":"2025-06-27T14:58:26","slug":"promocija-stecakland-vr-and-ar-aplikacija-u-sarajevu","status":"publish","type":"post","link":"http:\/\/digi.ba\/?p=1346","title":{"rendered":"Promocija StecakLand VR and AR aplikacija u Sarajevu"},"content":{"rendered":"<p>VR i AR StecakLand aplikacije promovisane su 20. juna u galeriji Kamernog teatra 55. Koordinatorica projekta Selma Rizvi\u0107, VR reditelj Bojan Mijatovi\u0107 i scenarista pozori\u0161ne predstave StecakLand Vedran Fajkovi\u0107 upoznali su medije sa sadr\u017eajem ovih aplikacija.<\/p>\n<p>Virtual Reality aplikacija vodi korisnike u \u0161etnju po Ste\u0107akLandu. Tu nas \u010dekaju klesar Gruba\u010d, kraljica Katarina, Lovac, Jelen, Kolo i Lav-Zmaj. Oni nam pri\u010daju pri\u010de u tri sela. Oko nas lete, pu\u017eu i hodaju ostali simboli \u010dija zna\u010denja mo\u017eemo otkriti ako na njih kliknemo. Prikupljamo ornamente koji svijetle i u tome nam poma\u017ee Magare\u0107ak. Na kraju dolazimo do Hrama u kojem mo\u017eemo dizajnirati svoj ste\u0107ak.<\/p>\n<p>Aplikacija \u0107e biti instalirana u Ku\u0107i Maka Dizdara u Stocu, Dubrova\u010dkim muzejima, Narodnom muzeju Crne Gore na Cetinju, i u Narodnom muzeju U\u017eice u Srbiji.<\/p>\n<p>Augmented Reality aplikacija radi na nekropolama Radimlja u Bosni i Hercegovini, Brotnice u Hrvatskoj, Mramorje u Srbiji, i u parku u Pljevljima u Crnoj Gori. Na ekranima na\u0161ih mobilnih ure\u0111aja \u0107e se sa izabranih ste\u0107aka odvojiti ornamenti i prikazati njihova zna\u010denja.<\/p>\n<p>Aplikacija \u0107e biti dostupna na Play Store i App Store.<\/p>\n<p><img loading=\"lazy\" decoding=\"async\" class=\"alignnone size-full wp-image-1078\" src=\"http:\/\/digi.ba\/eng\/wp-content\/uploads\/sites\/4\/2025\/06\/IMG_E9847_m-scaled.jpg\" alt=\"\" width=\"2560\" height=\"1440\"><\/p>\n<p><img loading=\"lazy\" decoding=\"async\" class=\"alignnone size-full wp-image-1077\" src=\"http:\/\/digi.ba\/eng\/wp-content\/uploads\/sites\/4\/2025\/06\/Clipboard01.jpg\" alt=\"\" width=\"1024\" height=\"683\"><\/p>\n<p>&nbsp;<\/p>\n<p><img loading=\"lazy\" decoding=\"async\" class=\"alignnone size-full wp-image-1079\" src=\"http:\/\/digi.ba\/eng\/wp-content\/uploads\/sites\/4\/2025\/06\/IMG_E9856_m-scaled.jpg\" alt=\"\" width=\"2560\" height=\"1440\"><\/p>\n","protected":false},"excerpt":{"rendered":"<p>VR i AR StecakLand aplikacije promovisane su 20. juna u galeriji Kamernog teatra 55. Koordinatorica projekta Selma Rizvi\u0107, VR reditelj Bojan Mijatovi\u0107 [&hellip;]<\/p>\n","protected":false},"author":2,"featured_media":1347,"comment_status":"closed","ping_status":"closed","sticky":false,"template":"","format":"standard","meta":{"ngg_post_thumbnail":0,"footnotes":""},"categories":[1],"tags":[],"class_list":["post-1346","post","type-post","status-publish","format-standard","has-post-thumbnail","hentry","category-uncategorised"],"_links":{"self":[{"href":"http:\/\/digi.ba\/index.php?rest_route=\/wp\/v2\/posts\/1346","targetHints":{"allow":["GET"]}}],"collection":[{"href":"http:\/\/digi.ba\/index.php?rest_route=\/wp\/v2\/posts"}],"about":[{"href":"http:\/\/digi.ba\/index.php?rest_route=\/wp\/v2\/types\/post"}],"author":[{"embeddable":true,"href":"http:\/\/digi.ba\/index.php?rest_route=\/wp\/v2\/users\/2"}],"replies":[{"embeddable":true,"href":"http:\/\/digi.ba\/index.php?rest_route=%2Fwp%2Fv2%2Fcomments&post=1346"}],"version-history":[{"count":1,"href":"http:\/\/digi.ba\/index.php?rest_route=\/wp\/v2\/posts\/1346\/revisions"}],"predecessor-version":[{"id":1348,"href":"http:\/\/digi.ba\/index.php?rest_route=\/wp\/v2\/posts\/1346\/revisions\/1348"}],"wp:featuredmedia":[{"embeddable":true,"href":"http:\/\/digi.ba\/index.php?rest_route=\/wp\/v2\/media\/1347"}],"wp:attachment":[{"href":"http:\/\/digi.ba\/index.php?rest_route=%2Fwp%2Fv2%2Fmedia&parent=1346"}],"wp:term":[{"taxonomy":"category","embeddable":true,"href":"http:\/\/digi.ba\/index.php?rest_route=%2Fwp%2Fv2%2Fcategories&post=1346"},{"taxonomy":"post_tag","embeddable":true,"href":"http:\/\/digi.ba\/index.php?rest_route=%2Fwp%2Fv2%2Ftags&post=1346"}],"curies":[{"name":"wp","href":"https:\/\/api.w.org\/{rel}","templated":true}]}}