{"id":1318,"date":"2025-02-18T14:19:35","date_gmt":"2025-02-18T14:19:35","guid":{"rendered":"https:\/\/digi.ba\/?p=1318"},"modified":"2025-02-18T14:19:35","modified_gmt":"2025-02-18T14:19:35","slug":"digi-ba-dobitnik-priznanja-made-in-bih","status":"publish","type":"post","link":"http:\/\/digi.ba\/?p=1318","title":{"rendered":"DIGI.BA dobitnik priznanja MADE IN BiH"},"content":{"rendered":"<blockquote><p>KulturaMedia Sarajevo, organizator VII Me\u0111unarodne&nbsp;<span class=\"il\">BH<\/span>&nbsp;<span class=\"il\">sedmice<\/span>&nbsp;<span class=\"il\">in\u017eenjerstva<\/span>, u saradnji s Colosseum Tuzla, Udru\u017eenje Radio Kameleon, Udru\u017eenjima in\u017eenjera u BiH i Udru\u017eenjem poslodavaca Federacije BiH, proveli su izbor za najuspje\u0161nije projekte, proizvode i&nbsp;&nbsp;inovacije&nbsp;&nbsp;pod nazivom &#8220;Made in BiH&#8221;. Ovaj presti\u017eni izbor ima za cilj podizanje svijesti i ja\u010danje saradnje izme\u0111u in\u017eenjerske i privredne zajednice u prepoznavanju i promovisanju najuspje\u0161nijih dostignu\u0107a u 2024. godini.<\/p>\n<p>U kategoriji &#8220;Razvoj novih proizvoda&#8221; priznanje za najoblji tehni\u010dko\/in\u017eenjerski projekat\/proizvod u Kantonu Sarajevo dodijeljeno je Udru\u017eenju DIGI.BA za VR aplikaciju \u0106irolije.<\/p>\n<p>Vi\u0161e informacija o aplikaciji na <a href=\"http:\/\/h.etf.unsa.ba\/starepruge\/\">http:\/\/h.etf.unsa.ba\/starepruge\/<\/a><\/p>\n<p><img loading=\"lazy\" decoding=\"async\" class=\"alignnone size-full wp-image-1319\" src=\"http:\/\/digi.ba\/wp-content\/uploads\/2025\/02\/1-scaled.jpg\" alt=\"\" width=\"1782\" height=\"2560\" srcset=\"http:\/\/digi.ba\/wp-content\/uploads\/2025\/02\/1-scaled.jpg 1782w, http:\/\/digi.ba\/wp-content\/uploads\/2025\/02\/1-209x300.jpg 209w, http:\/\/digi.ba\/wp-content\/uploads\/2025\/02\/1-713x1024.jpg 713w, http:\/\/digi.ba\/wp-content\/uploads\/2025\/02\/1-768x1103.jpg 768w, http:\/\/digi.ba\/wp-content\/uploads\/2025\/02\/1-1069x1536.jpg 1069w, http:\/\/digi.ba\/wp-content\/uploads\/2025\/02\/1-1426x2048.jpg 1426w, http:\/\/digi.ba\/wp-content\/uploads\/2025\/02\/1-1000x1437.jpg 1000w, http:\/\/digi.ba\/wp-content\/uploads\/2025\/02\/1-230x330.jpg 230w, http:\/\/digi.ba\/wp-content\/uploads\/2025\/02\/1-350x503.jpg 350w, http:\/\/digi.ba\/wp-content\/uploads\/2025\/02\/1-480x690.jpg 480w\" sizes=\"auto, (max-width: 1782px) 100vw, 1782px\" \/><\/p><\/blockquote>\n","protected":false},"excerpt":{"rendered":"<p>KulturaMedia Sarajevo, organizator VII Me\u0111unarodne&nbsp;BH&nbsp;sedmice&nbsp;in\u017eenjerstva, u saradnji s Colosseum Tuzla, Udru\u017eenje Radio Kameleon, Udru\u017eenjima in\u017eenjera u BiH i Udru\u017eenjem poslodavaca Federacije BiH, [&hellip;]<\/p>\n","protected":false},"author":2,"featured_media":1320,"comment_status":"closed","ping_status":"closed","sticky":false,"template":"","format":"standard","meta":{"ngg_post_thumbnail":0,"footnotes":""},"categories":[1],"tags":[],"class_list":["post-1318","post","type-post","status-publish","format-standard","has-post-thumbnail","hentry","category-uncategorised"],"_links":{"self":[{"href":"http:\/\/digi.ba\/index.php?rest_route=\/wp\/v2\/posts\/1318","targetHints":{"allow":["GET"]}}],"collection":[{"href":"http:\/\/digi.ba\/index.php?rest_route=\/wp\/v2\/posts"}],"about":[{"href":"http:\/\/digi.ba\/index.php?rest_route=\/wp\/v2\/types\/post"}],"author":[{"embeddable":true,"href":"http:\/\/digi.ba\/index.php?rest_route=\/wp\/v2\/users\/2"}],"replies":[{"embeddable":true,"href":"http:\/\/digi.ba\/index.php?rest_route=%2Fwp%2Fv2%2Fcomments&post=1318"}],"version-history":[{"count":1,"href":"http:\/\/digi.ba\/index.php?rest_route=\/wp\/v2\/posts\/1318\/revisions"}],"predecessor-version":[{"id":1321,"href":"http:\/\/digi.ba\/index.php?rest_route=\/wp\/v2\/posts\/1318\/revisions\/1321"}],"wp:featuredmedia":[{"embeddable":true,"href":"http:\/\/digi.ba\/index.php?rest_route=\/wp\/v2\/media\/1320"}],"wp:attachment":[{"href":"http:\/\/digi.ba\/index.php?rest_route=%2Fwp%2Fv2%2Fmedia&parent=1318"}],"wp:term":[{"taxonomy":"category","embeddable":true,"href":"http:\/\/digi.ba\/index.php?rest_route=%2Fwp%2Fv2%2Fcategories&post=1318"},{"taxonomy":"post_tag","embeddable":true,"href":"http:\/\/digi.ba\/index.php?rest_route=%2Fwp%2Fv2%2Ftags&post=1318"}],"curies":[{"name":"wp","href":"https:\/\/api.w.org\/{rel}","templated":true}]}}