{"id":1117,"date":"2021-09-07T13:08:28","date_gmt":"2021-09-07T12:08:28","guid":{"rendered":"http:\/\/digi.ba\/?p=1117"},"modified":"2021-09-07T13:08:28","modified_gmt":"2021-09-07T12:08:28","slug":"ilhamija-prvi-bosanski-disident","status":"publish","type":"post","link":"http:\/\/digi.ba\/?p=1117","title":{"rendered":"Ilhamija &#8211; prvi bosanski disident"},"content":{"rendered":"<p>Udru\u017eenje za digitalizaciju kulturne ba\u0161tine DIGI.BA je prije \u010detiri godine priredilo prvo bosanskohercegova\u010dko obilje\u017eavanje Evropskog dana sje\u0107anja na \u017ertve totalitarnih re\u017eima (23.08.), kada je predstavljena DISIDENeT platforma kojom na\u0161a zemlja sudjeluje u velikom istra\u017eiva\u010dkom projektu Evropske Unije posve\u0107enom neslaganju sa socijalisti\u010dkim re\u017eimima NEP4DISSENT. (<a href=\"https:\/\/youtu.be\/Kzlea_A335g\">https:\/\/youtu.be\/Kzlea_A335g<\/a>)<\/p>\n<p>U mre\u017ei 21 dr\u017eave, i u povodu 30. godi\u0161njice od ru\u0161enja Berlinskog zida i pada komunizma, DIGI.BA je 2019. godine predstavila prvi bh. VR film 360, pod naslovom \u201eDevet disidenata\u201c, o bo\u0161nja\u010dkim piscima koje je progonio komunisti\u010dki re\u017eim.<\/p>\n<p>Povodom ovogodi\u0161njeg obilje\u017eavanja Evropskog dana sje\u0107anja na \u017ertve totalitarnih re\u017eima, DIGI.BA promovira <strong>VR film pod naslovom \u201eIlhamija \u2013 prvi bosanski disident\u201c,<\/strong> a u povodu 200. godi\u0161njice smrti Abdulvehaba Ilhamije (\u017dep\u010de, 1773. \u2013 Travnik, 1821.).<\/p>\n<p>Film u transhistorijski kontekst dovodi sudbine Ilhamije i Re\u0161ada Kadi\u0107a, prvog, koji je historijska li\u010dnost i knji\u017eevni lik, i drugog, koji je disidentski stradalnik i pisac koji je iskustvo progona opisao u pripovijesti \u201eIlhamijin put u smrt\u201c (1976).<\/p>\n<p><img loading=\"lazy\" decoding=\"async\" class=\"aligncenter\" src=\"https:\/\/lh3.googleusercontent.com\/-B7XvsOThdu0\/YStvIHp4EbI\/AAAAAAAAHMM\/XiZ_g7BSHroxst3eCVNk7SDfezcMJd6_gCLcBGAsYHQ\/IMG_20210620_105904.jpg\" width=\"688\" height=\"387\"><\/p>\n<p>Likove Ilhamije i Re\u0161ada Kadi\u0107a u filmu tuma\u010di Mirza Mu\u0161ija, a likove bosanskog vezira D\u017eelaluddin Ali-pa\u0161e i komunisti\u010dkog isljednika tuma\u010di Aleksandar Seksan. Producent je prof. dr. Selma Rizvi\u0107, autor scenarija je Fatmir Alispahi\u0107, kameru i ton potpisuje Bojan Mijatovi\u0107 , kostim Adisa Vatre\u0161 Selimovi\u0107 i Monika Mo\u0107evi\u0107, autor muzike i dizajner zvuka je Adnan Mu\u0161anovi\u0107, a monta\u017eu i re\u017eiju radio je Tarik Hod\u017ei\u0107.<\/p>\n<p>Igrano-dokumentarni film o Ilhamiji ra\u0111en je u VR tehnici, tako da \u0107e gledaoci u svakom \u010dasu mo\u0107i pratiti kompletno zbivanje u krugu 360 stepeni. Film je sniman na travni\u010dkoj tvr\u0111avi, uz podr\u0161ku Zavi\u010dajnog muzeja Travnik i Me\u0161ihata Islamske zajednice Travnik.<\/p>\n<p>Projekat je finansiralo Ministarstvo civilnih poslova Bosne i Hercegovine.<\/p>\n<p><iframe loading=\"lazy\" title=\"ILHAMIJA - prvi bosanski disident - trailer\" width=\"1170\" height=\"658\" src=\"https:\/\/www.youtube.com\/embed\/Vrnr-gVg088?feature=oembed\" frameborder=\"0\" allow=\"accelerometer; autoplay; clipboard-write; encrypted-media; gyroscope; picture-in-picture\" allowfullscreen><\/iframe><\/p>\n<p><strong>Link na film<\/strong><\/p>\n<blockquote class=\"wp-embedded-content\" data-secret=\"ZHlNijYQLv\"><p><a href=\"http:\/\/h.etf.unsa.ba\/disident\/vr-filmovi\/ilhamija\/\">VR Film &#8211; Ilhamija<\/a><\/p><\/blockquote>\n<p><iframe loading=\"lazy\" class=\"wp-embedded-content\" sandbox=\"allow-scripts\" security=\"restricted\" style=\"position: absolute; clip: rect(1px, 1px, 1px, 1px);\" title=\"&#8220;VR Film &#8211; Ilhamija&#8221; &#8212; Dissident\" src=\"http:\/\/h.etf.unsa.ba\/disident\/vr-filmovi\/ilhamija\/embed\/#?secret=ZHlNijYQLv\" data-secret=\"ZHlNijYQLv\" width=\"600\" height=\"338\" frameborder=\"0\" marginwidth=\"0\" marginheight=\"0\" scrolling=\"no\"><\/iframe><\/p>\n","protected":false},"excerpt":{"rendered":"<p>Udru\u017eenje za digitalizaciju kulturne ba\u0161tine DIGI.BA je prije \u010detiri godine priredilo prvo bosanskohercegova\u010dko obilje\u017eavanje Evropskog dana sje\u0107anja na \u017ertve totalitarnih re\u017eima (23.08.), [&hellip;]<\/p>\n","protected":false},"author":6,"featured_media":1115,"comment_status":"closed","ping_status":"closed","sticky":false,"template":"","format":"standard","meta":{"ngg_post_thumbnail":0,"footnotes":""},"categories":[1],"tags":[],"class_list":["post-1117","post","type-post","status-publish","format-standard","has-post-thumbnail","hentry","category-uncategorised"],"_links":{"self":[{"href":"http:\/\/digi.ba\/index.php?rest_route=\/wp\/v2\/posts\/1117","targetHints":{"allow":["GET"]}}],"collection":[{"href":"http:\/\/digi.ba\/index.php?rest_route=\/wp\/v2\/posts"}],"about":[{"href":"http:\/\/digi.ba\/index.php?rest_route=\/wp\/v2\/types\/post"}],"author":[{"embeddable":true,"href":"http:\/\/digi.ba\/index.php?rest_route=\/wp\/v2\/users\/6"}],"replies":[{"embeddable":true,"href":"http:\/\/digi.ba\/index.php?rest_route=%2Fwp%2Fv2%2Fcomments&post=1117"}],"version-history":[{"count":2,"href":"http:\/\/digi.ba\/index.php?rest_route=\/wp\/v2\/posts\/1117\/revisions"}],"predecessor-version":[{"id":1119,"href":"http:\/\/digi.ba\/index.php?rest_route=\/wp\/v2\/posts\/1117\/revisions\/1119"}],"wp:featuredmedia":[{"embeddable":true,"href":"http:\/\/digi.ba\/index.php?rest_route=\/wp\/v2\/media\/1115"}],"wp:attachment":[{"href":"http:\/\/digi.ba\/index.php?rest_route=%2Fwp%2Fv2%2Fmedia&parent=1117"}],"wp:term":[{"taxonomy":"category","embeddable":true,"href":"http:\/\/digi.ba\/index.php?rest_route=%2Fwp%2Fv2%2Fcategories&post=1117"},{"taxonomy":"post_tag","embeddable":true,"href":"http:\/\/digi.ba\/index.php?rest_route=%2Fwp%2Fv2%2Ftags&post=1117"}],"curies":[{"name":"wp","href":"https:\/\/api.w.org\/{rel}","templated":true}]}}