{"id":1,"date":"2016-10-14T20:30:59","date_gmt":"2016-10-14T19:30:59","guid":{"rendered":"http:\/\/67.23.254.61\/~digiba\/?p=1"},"modified":"2016-10-17T21:37:11","modified_gmt":"2016-10-17T20:37:11","slug":"hello-world","status":"publish","type":"post","link":"http:\/\/digi.ba\/?p=1","title":{"rendered":"Virtuelna rekonstrukcija Franjeva\u010dkog samostana Plehan"},"content":{"rendered":"<p class=\"preamble\">Franjeva\u010dki samostan Plehan je prvi put sagra\u0111en 1870\u2010tih godina, a kasnije je dogra\u0111ena i crkva sv.Marka. Ovaj vrijedni objekat kulturnog naslije\u0111a je potpuno uni\u0161ten po\u010detkom srpske oru\u017eane agresije na BiH 1992. godine. Na samostan je palo \u010dak 3000 projektila, a nakon toga je destrukcija dovr\u0161ena sa dvije tone eksploziva. Danas on izgleda potpuno druga\u010dije.<\/p>\n<div>\n<p>Kao nastavak svog rada na virtuelnoj rekonstrukciji uni\u0161tenog i zapostavljenog kulturnog naslije\u0111a, Sarajevo Graphics Group je pomo\u0107u tehnika kompjuterske grafike vratila i ovaj objekat u kolektivno pam\u0107enje.<\/p>\n<p>Ensar Muratovi\u0107, student prve godine Masters studija na Odsjeku za informatiku i ra\u010dunarstvo Elektrotehni\u010dkog fakulteta u Sarajevu je u okviru svog zavr\u0161nog rada na dodiplomskom studiju uradio virtuelni model originalnog izgleda samostana, pod mentorstvom van. prof dr Selme Rizvi\u0107. Ju\u010der je ovaj projekat promoviran i pred franjevcima i \u017eupljanima u Plehanu. Fra Ilija Kova\u010devi\u0107, koji je pomagao u prikupljanju informacija o izgledu samostana prije destrukcije, bio je veoma zadovoljan ura\u0111enim modelom i susretom sa \u010dlanovima projektnog tima. On i ostali franjevci iz ovog samostana su spremni da nastave rad na virtuelnoj prezentaciji plehanskog kulturnog naslije\u0111a u okviru Muzeja koji se priprema u kompleksu samostana.<\/p>\n<p>Autor virtuelnog modela Ensar Muratovi\u0107 rekao je da mu je najve\u0107a satisfakcija vidjeti radosna lica plehanskih \u017eupljana pri pogledu na rekonstukciju nekada\u0161njeg izgleda njihovog samostana, kojega oni stariji jo\u0161 uvijek pamte.<\/p>\n<p>Prof. Rizvi\u0107 je u svojoj prezentaciji naglasila kako je Bosna i Hercegovina bogata kulturnim naslije\u0111em svih kultura, nacija i religija, te kako se digitalne tehnologije mogu iskoristiti za vra\u0107anje objekata koji su nestali ili uni\u0161teni nazad u kolektivno pam\u0107enje.<\/p>\n<p>Link na virtuelni model:<br \/>\n<a title=\"\" href=\"https:\/\/sketchfab.com\/models\/99e54165f4d84f97aebcfdbbb1175d20\" target=\"_blank\">https:\/\/sketchfab.com\/models\/99e54165f4d84f97aebcfdbbb1175d20<\/a><\/p>\n<\/div>\n","protected":false},"excerpt":{"rendered":"<p>Franjeva\u010dki samostan Plehan je prvi put sagra\u0111en 1870\u2010tih godina, a kasnije je dogra\u0111ena i crkva sv.Marka. Ovaj vrijedni objekat kulturnog naslije\u0111a je [&hellip;]<\/p>\n","protected":false},"author":1,"featured_media":0,"comment_status":"open","ping_status":"open","sticky":false,"template":"","format":"standard","meta":{"ngg_post_thumbnail":0,"footnotes":""},"categories":[1],"tags":[],"class_list":["post-1","post","type-post","status-publish","format-standard","hentry","category-uncategorised"],"_links":{"self":[{"href":"http:\/\/digi.ba\/index.php?rest_route=\/wp\/v2\/posts\/1","targetHints":{"allow":["GET"]}}],"collection":[{"href":"http:\/\/digi.ba\/index.php?rest_route=\/wp\/v2\/posts"}],"about":[{"href":"http:\/\/digi.ba\/index.php?rest_route=\/wp\/v2\/types\/post"}],"author":[{"embeddable":true,"href":"http:\/\/digi.ba\/index.php?rest_route=\/wp\/v2\/users\/1"}],"replies":[{"embeddable":true,"href":"http:\/\/digi.ba\/index.php?rest_route=%2Fwp%2Fv2%2Fcomments&post=1"}],"version-history":[{"count":1,"href":"http:\/\/digi.ba\/index.php?rest_route=\/wp\/v2\/posts\/1\/revisions"}],"predecessor-version":[{"id":584,"href":"http:\/\/digi.ba\/index.php?rest_route=\/wp\/v2\/posts\/1\/revisions\/584"}],"wp:attachment":[{"href":"http:\/\/digi.ba\/index.php?rest_route=%2Fwp%2Fv2%2Fmedia&parent=1"}],"wp:term":[{"taxonomy":"category","embeddable":true,"href":"http:\/\/digi.ba\/index.php?rest_route=%2Fwp%2Fv2%2Fcategories&post=1"},{"taxonomy":"post_tag","embeddable":true,"href":"http:\/\/digi.ba\/index.php?rest_route=%2Fwp%2Fv2%2Ftags&post=1"}],"curies":[{"name":"wp","href":"https:\/\/api.w.org\/{rel}","templated":true}]}}